{"id":723,"date":"2017-08-19T21:19:45","date_gmt":"2017-08-19T21:19:45","guid":{"rendered":"https:\/\/www.emrecandurmaz.com\/?p=723"},"modified":"2017-12-10T21:21:37","modified_gmt":"2017-12-10T21:21:37","slug":"taze-girisimcilere-oneriler","status":"publish","type":"post","link":"https:\/\/www.emrecandurmaz.com\/index.php\/taze-girisimcilere-oneriler\/","title":{"rendered":"Taze Giri\u015fimcilere \u00d6neriler"},"content":{"rendered":"<p>Kafas\u0131nda deli fikirler olan arkada\u015f\u0131m merhaba!<\/p>\n<p>Etraf\u0131nda seni cesaretlendiren ve g\u00f6z\u00fcn\u00fc korkutmaya \u00e7al\u0131\u015fan onlarca insan var de\u011fil mi? \u0130\u00e7in i\u00e7ine s\u0131\u011fm\u0131yor ve heyecan\u0131n\u0131 birileri ile payla\u015fmak istiyorsun. \u00d6ncelikle \u015fundan bahsetmeliyim; y\u0131llar ge\u00e7se de o i\u00e7inin i\u00e7ine s\u0131\u011fmama durumu de\u011fi\u015fmeyecek. Yani bende hen\u00fcz de\u011fi\u015fmedi, umar\u0131m sizde de de\u011fi\u015fmez. Ancak bende de\u011fi\u015fen bir\u00e7ok \u015fey oldu. Bu yaz\u0131da as\u0131l olarak bende ge\u00e7en y\u0131llar i\u00e7erisinde nelerin de\u011fi\u015fti\u011finden bahsetmek istiyorum. Yani o tipik \u00e2\u20ac\u0153\u015fimdiki akl\u0131m olsa\u00e2\u20ac\u009d durumu. Size faydas\u0131 olur mu bilemem ama ben, \u015fimdi her \u015feye tekrar ba\u015flamak zorunda kalsam, bu yaz\u0131y\u0131 bir k\u0131lavuz olarak uygular\u0131m.<\/p>\n<p><strong>\u015eirket Kurmak \u0130\u00e7in Acele Etmeyin<\/strong><\/p>\n<p>Ben ettim siz etmeyin\u00c2\u00a0?\u00c2\u00a0\u015eirket kurmak \u00f6nemlidir. Size motivasyon katar, \u00c2\u00a0yapt\u0131\u011f\u0131n\u0131z i\u015fi ciddile\u015ftirir, \u00e2\u20ac\u00a6\u00e2\u20ac\u00a6. , evet o araya bir miktar daha sebep yaz\u0131labilir. Ancak tek bir \u00f6n ko\u015ful hen\u00fcz olgunla\u015fmam\u0131\u015fsa \u015firket kurmak gereksizdir. Bir \u015firketinizin olmas\u0131 sizin ayn\u0131 zamanda bir fatura ko\u00e7an\u0131na ve ka\u015feye sahip olman\u0131z anlam\u0131na gelir. Bu iki materyal de ancak bir m\u00fc\u015fteriye sahip iseniz bir anlam ta\u015f\u0131r. Yani fatura kesece\u011finiz m\u00fc\u015fterileriniz hen\u00fcz yoksa ve akl\u0131n\u0131zdaki fikri sat\u0131labilir hale getirmek i\u00e7in \u00f6n\u00fcn\u00fczde hen\u00fcz bir sene varsa 364 g\u00fcn kadar bekleyip en son g\u00fcn \u015firketi kurman\u0131z\u0131 tavsiye ederim. Malum \u015firket kurmak bir g\u00fcnl\u00fck i\u015f ama \u015firket masraflar\u0131 her ay kendini tekrarlayacak. Hadi kabaca bir hesap yapal\u0131m. Ben \u015firketi \u00f6\u011frencisi oldu\u011fum \u00fcniversitenin Teknopark\u0131nda kurdu\u011fum i\u00e7in sembolik bir kira \u00f6d\u00fcyordum. Sizin de b\u00f6yle bir imkan\u0131n\u0131z oldu\u011fun varsayal\u0131m. Kendinize maa\u015f da almazs\u0131n\u0131z siz \u015fimdi ama devlet siz maa\u015f al\u0131yormu\u015fsunuz gibi her ay Ba\u011f-Kur \u00fccretini tahsil edecek sizden; gitti mi 568 lira 80 kuru\u015f. Muhasebeciniz olacak birde, o da her ay 200 liran\u0131z\u0131 als\u0131n diye yazal\u0131m biz deftere. Elektrik, su,internet ve sembolik kiran\u0131z dahil hepsine de bir 200 lira yazd\u0131km\u0131 bizim defter kabarmaya ba\u015flar. \u00c2\u00a0K\u0131sacas\u0131 \u015firketinizi kurdu\u011funuz g\u00fcnden itibaren her ay 1000 liran\u0131z gidecekse her ay en az 1000 liral\u0131k bir fatura kesemeyecekseniz acele etmeyin.<\/p>\n<p><strong>Ortaklar\u0131n\u0131z\u0131 Do\u011fru Se\u00e7in<\/strong><\/p>\n<p>Bir\u00e7ok giri\u015fimci bu yola tek ba\u015f\u0131na \u00e7\u0131km\u0131yor. Bunun \u00e7e\u015fitli sebepleri olabiliyor; fikri birden fazla ki\u015finin geli\u015ftirmi\u015f olmas\u0131, riski tek ba\u015f\u0131na almak istememek, tek ba\u015f\u0131na ofiste s\u0131k\u0131lmamak, projeyi ger\u00e7ekle\u015ftirmek i\u00e7in birden fazla insana ihtiya\u00e7 duymak, \u00e2\u20ac\u00a6.. , evet bunu da uzatt\u0131k\u00e7a uzatabiliriz ancak biz sebeplerle de\u011fil sonu\u00e7larla ilgilenece\u011fiz. Kendi ba\u015f\u0131mdan ge\u00e7en ve etraf\u0131mda g\u00f6rd\u00fcklerim \u00fczerinden deneyimleri derleyecek olursak bu konuda k\u0131saca \u015funlar\u0131 s\u00f6yleyebilirim. Ortaklar\u0131n\u0131z\u0131 arkada\u015flar\u0131n\u0131zdan se\u00e7meyin; iyi arkada\u015f iyi ortak anlam\u0131na gelmiyor. Evet evet yedi\u011finiz i\u00e7ti\u011finiz ayr\u0131 gitmiyor ama ortak olman\u0131z i\u00e7in yedi\u011finizin i\u00e7ti\u011finizin ayr\u0131 gitmesi gerekiyor. Gelelim bir di\u011fer konuya, mesela benim gibi yapmay\u0131n; yaz\u0131l\u0131m \u015firketi dahi kursan\u0131z 4 bilgisayar m\u00fchendisi iyi bir ortakl\u0131k yap\u0131s\u0131 de\u011fil. Mesela 1 bilgisayarc\u0131 bir elektronik\u00e7i ve bir pazarlamac\u0131 daha iyi bir ekip olabilir. (bak\u0131n hala ortakl\u0131k diyemiyorum, e\u011fer b\u00fct\u00e7eniz varsa bu insanlar\u0131 i\u015fe al\u0131n) Pazarlama birimi \u015firketin bel kemi\u011fi olacak, yani biz d\u00fcnyalar\u0131 yaratan kodlar\u0131 yaz\u0131yoruz ama onlar\u0131 satam\u0131yorsak a\u00e7 kal\u0131yoruz haberiniz olsun. Ayr\u0131ca pazarlama i\u015fi a\u011fz\u0131 iyi laf yapan okul arkada\u015f\u0131n\u0131z\u0131n yapabilece\u011fi bir i\u015f de\u011fil bilin isterim. M\u00fcmk\u00fcnse i\u015fi bu olan, profesyonel birini bulun. Son olarak da kesinlikle e\u015fit ortakl\u0131klar kurmay\u0131n; \u015firketin bir patronu olmal\u0131, \u00fcniversite toplulu\u011fu kurmuyoruz burada.<\/p>\n<p><strong>Para \u00d6demekte \u00c7ekinenlerle \u00c7al\u0131\u015fmay\u0131n<\/strong><\/p>\n<p>Ben \u00e7ok kaz\u0131k yedim, siz yemeyin. Bir m\u00fc\u015fteriniz ba\u015flang\u0131\u00e7 pe\u015finat\u0131 \u00f6demiyorsa, muhakkak sonra da \u00f6demiyor; tecr\u00fcbeyle sabit. Biliyorum, a\u00e7l\u0131ktan k\u0131vrand\u0131\u011f\u0131m\u0131z d\u00f6nemlerde pe\u015finat almadan yapmam demek biraz l\u00fcks geliyor ancak bir m\u00fc\u015fteriniz i\u015fe ba\u015flamadan \u00f6nce para \u00f6demiyorsa, i\u015fin sonuna geldi\u011finizde kusura bakma param yok diyip, el sallay\u0131p gidebiliyor. Bu ki\u015fi akraban\u0131z, \u00e7ok g\u00fcvendi\u011finiz birinin arkada\u015f\u0131, \u00e7ok zengin bir i\u015f insan\u0131 da olsa fark etmiyor. Para almadan \u00e7al\u0131\u015fmay\u0131n, s\u00f6zle\u015fme yapsan\u0131z bile\u00e2\u20ac\u00a6<\/p>\n<p><strong>Ar-Ge projelerini bug\u00fcn yap\u0131p yar\u0131n kazanm\u0131yoruz<\/strong><\/p>\n<p>Kazanan\u0131 elbet vard\u0131r. Ancak g\u00f6rd\u00fc\u011f\u00fcm bir ger\u00e7ek var ki, Ar-Ge projeleri en uzun ko\u015fusu hayat\u0131n\u0131z\u0131n ve projenin teknik k\u0131s\u0131mlar\u0131n\u0131 bitirmeniz hen\u00fcz sadece ilk 100 metresi. Elbette \u00f6nemlidir ilk 100 metrede ba\u015far\u0131yla g\u00f6\u011f\u00fcslemek ipi, ancak bu uzun y\u00fcr\u00fcy\u00fc\u015fte yaz\u0131l\u0131msal, elektronik k\u0131s\u0131mlar\u0131 hallettiniz diye hemen sat\u0131\u015f yapaca\u011f\u0131n\u0131z varsay\u0131m\u0131 ile planlar yapmasan\u0131z daha iyi olur bence. Size kaynak vermek isterdim ancak Teknopark&#8217;taki bir seminerde verilen bilgilerdi, o nedenle yalansa da vallahi ben onlar\u0131n yalanc\u0131s\u0131y\u0131m. T\u00fcrkiye&#8217;de tekno-giri\u015fimlerin {d5ca3e915a9b0aab13ce69072bd214969e9dcbd5db7df25c9f06b01ab2a8a9d4}93&#8217;\u00fc ilk bir y\u0131lda bat\u0131yormu\u015f. Yani bir y\u0131ll\u0131k \u00e7aban\u0131z {d5ca3e915a9b0aab13ce69072bd214969e9dcbd5db7df25c9f06b01ab2a8a9d4}7&#8217;lik ayr\u0131cal\u0131kl\u0131 dilimin i\u00e7erisine girmek i\u00e7in olacak. Size bir g\u00fczel haberim daha var; {d5ca3e915a9b0aab13ce69072bd214969e9dcbd5db7df25c9f06b01ab2a8a9d4}6&#8217;s\u0131 da di\u011fer 4 y\u0131l i\u00e7erisinde bat\u0131yor. Yani 5. y\u0131l\u0131n sonuna sadece {d5ca3e915a9b0aab13ce69072bd214969e9dcbd5db7df25c9f06b01ab2a8a9d4}1&#8217;lik mucizeyi yaratanlar ayakta kalacaklar. \u00c2\u00a0Geri kalan {d5ca3e915a9b0aab13ce69072bd214969e9dcbd5db7df25c9f06b01ab2a8a9d4}99&#8217;a ne mi oluyor? Tarih kaybedenleri sadece bir istatistik olarak yaz\u0131yor maalesef. Muhtemelen 99&#8217;luk par\u00e7an\u0131n \u00f6nemli bir k\u0131sm\u0131 pes edip, ba\u015fka \u015firketlerdeki masa ba\u015f\u0131 i\u015flerine d\u00f6n\u00fcyorlar. Siz siz olun {d5ca3e915a9b0aab13ce69072bd214969e9dcbd5db7df25c9f06b01ab2a8a9d4}1 i\u00e7in \u00e7aba g\u00f6sterin; yenilseniz bile, tekrar aya\u011fa kalkarak.<\/p>\n<p>Benim ge\u00e7ti\u011fimiz y\u0131llar i\u00e7erisinde \u00f6\u011frendi\u011fim temel konular bunlar. Eminim benim de, sizin de \u00f6n\u00fcm\u00fczde \u00f6\u011frenece\u011fimiz upuzun bir \u00f6m\u00fcr var. Payla\u015fmak ya da sormak istediklerinizi yorum olarak yazabilirsiniz. Ba\u015far\u0131 yan\u0131n\u0131zdan hi\u00e7 eksik olmas\u0131n\u00e2\u20ac\u00a6<\/p>\n<p>&nbsp;<\/p>\n","protected":false},"excerpt":{"rendered":"<p>Kafas\u0131nda deli fikirler olan arkada\u015f\u0131m merhaba! Etraf\u0131nda seni cesaretlendiren ve g\u00f6z\u00fcn\u00fc korkutmaya \u00e7al\u0131\u015fan onlarca insan var de\u011fil mi? \u0130\u00e7in i\u00e7ine s\u0131\u011fm\u0131yor ve heyecan\u0131n\u0131 birileri ile payla\u015fmak istiyorsun. \u00d6ncelikle \u015fundan bahsetmeliyim; y\u0131llar ge\u00e7se de o i\u00e7inin i\u00e7ine s\u0131\u011fmama durumu de\u011fi\u015fmeyecek. Yani bende hen\u00fcz de\u011fi\u015fmedi, umar\u0131m sizde de de\u011fi\u015fmez. Ancak bende de\u011fi\u015fen bir\u00e7ok \u015fey oldu. Bu yaz\u0131da&#8230; <\/p>\n<p class=\"more\"><a class=\"more-link\" href=\"https:\/\/www.emrecandurmaz.com\/index.php\/taze-girisimcilere-oneriler\/\">Read More<\/a><\/p>\n","protected":false},"author":1,"featured_media":724,"comment_status":"open","ping_status":"open","sticky":false,"template":"","format":"standard","meta":[],"categories":[1],"tags":[],"_links":{"self":[{"href":"https:\/\/www.emrecandurmaz.com\/index.php\/wp-json\/wp\/v2\/posts\/723"}],"collection":[{"href":"https:\/\/www.emrecandurmaz.com\/index.php\/wp-json\/wp\/v2\/posts"}],"about":[{"href":"https:\/\/www.emrecandurmaz.com\/index.php\/wp-json\/wp\/v2\/types\/post"}],"author":[{"embeddable":true,"href":"https:\/\/www.emrecandurmaz.com\/index.php\/wp-json\/wp\/v2\/users\/1"}],"replies":[{"embeddable":true,"href":"https:\/\/www.emrecandurmaz.com\/index.php\/wp-json\/wp\/v2\/comments?post=723"}],"version-history":[{"count":1,"href":"https:\/\/www.emrecandurmaz.com\/index.php\/wp-json\/wp\/v2\/posts\/723\/revisions"}],"predecessor-version":[{"id":725,"href":"https:\/\/www.emrecandurmaz.com\/index.php\/wp-json\/wp\/v2\/posts\/723\/revisions\/725"}],"wp:featuredmedia":[{"embeddable":true,"href":"https:\/\/www.emrecandurmaz.com\/index.php\/wp-json\/wp\/v2\/media\/724"}],"wp:attachment":[{"href":"https:\/\/www.emrecandurmaz.com\/index.php\/wp-json\/wp\/v2\/media?parent=723"}],"wp:term":[{"taxonomy":"category","embeddable":true,"href":"https:\/\/www.emrecandurmaz.com\/index.php\/wp-json\/wp\/v2\/categories?post=723"},{"taxonomy":"post_tag","embeddable":true,"href":"https:\/\/www.emrecandurmaz.com\/index.php\/wp-json\/wp\/v2\/tags?post=723"}],"curies":[{"name":"wp","href":"https:\/\/api.w.org\/{rel}","templated":true}]}}