{"id":759,"date":"2018-08-25T14:14:26","date_gmt":"2018-08-25T14:14:26","guid":{"rendered":"https:\/\/www.emrecandurmaz.com\/?p=759"},"modified":"2020-04-11T08:38:40","modified_gmt":"2020-04-11T08:38:40","slug":"iklim-degisikligi-planiniz-hazir-mi","status":"publish","type":"post","link":"https:\/\/www.emrecandurmaz.com\/index.php\/iklim-degisikligi-planiniz-hazir-mi\/","title":{"rendered":"\u0130klim De\u011fi\u015fikli\u011fi Plan\u0131n\u0131z Haz\u0131r m\u0131?"},"content":{"rendered":"<p>Merhaba, uzun bir aradan sonra, tekrardan bir blog yaz\u0131s\u0131yla beraberiz. Ba\u015fl\u0131ktan da anla\u015f\u0131laca\u011f\u0131 gibi yaz\u0131m\u0131z iklim de\u011fi\u015fikli\u011fi \u00fczerine. E\u011fer Ay&#8217;da kurulacak bir koloni i\u00e7in \u00f6n rezervasyonunuz yoksa, bu konu muhtemelen sizi de ilgilendiriyor.<\/p>\n<p><!--more--><\/p>\n<p>Bilim insanlar\u0131n\u0131n ba\u015fka gezegenlerde ya\u015fam ararken bakt\u0131klar\u0131 ilk \u015feydir su. Malumunuz, arad\u0131\u011f\u0131m\u0131z tarzdaki canl\u0131l\u0131\u011f\u0131n temel bile\u015feni &#8211; en az\u0131ndan biz \u00f6yle biliyoruz &#8211; su. D\u00fcnya \u00fczerindeki insan ya\u015fam\u0131n\u0131 da inceledi\u011fimizde, tarihin her d\u00f6neminde su kenarlar\u0131na in\u015fa edilen \u015fehirler ya da sulak b\u00f6lgelere do\u011fru yap\u0131lan g\u00f6\u00e7ler g\u00f6r\u00fcr\u00fcz. 21. y\u00fczy\u0131lda ya\u015f\u0131yor olmam\u0131z da bu durumda herhangi bir de\u011fi\u015fiklik yapm\u0131yor. Su hayatt\u0131r ve hala D\u00fcnya n\u00fcfusunun \u00f6nemli bir k\u0131sm\u0131 k\u0131y\u0131 kesimlerde ya\u015f\u0131yor. T\u00fcrkiye&#8217;de de durum farks\u0131z, ba\u015fta \u0130stanbul olmak \u00fczere n\u00fcfusumuzun yar\u0131s\u0131ndan fazlas\u0131 k\u0131y\u0131 \u015feridinde ya\u015f\u0131yor.<\/p>\n<p>Yap\u0131lan ara\u015ft\u0131rmalar g\u00f6steriyor ki, \u00f6n\u00fcm\u00fczdeki 80 y\u0131l i\u00e7erisinde su seviyesi d\u00fcnya genelinde 20 metre y\u00fckselecek, yani rak\u0131m\u0131 0-20 metre aras\u0131nda bulunan mevcut yerle\u015fim birimlerimiz sular alt\u0131nda kalma tehlikesi ile kar\u015f\u0131 kar\u015f\u0131ya. Kimi \u00fclkelerde bu duruma \u015fimdiden \u00f6nlemler al\u0131nmaya ba\u015flansa da (y\u00fcksek duvarlar, dev pompa sistemleri vb.) t\u00fcm \u00e7abalara ra\u011fmen milyonlarca insan\u0131n yer de\u011fi\u015ftirmek zorunda kalaca\u011f\u0131 bir s\u0131r de\u011fil.<\/p>\n<p>Kimileri ise ka\u00e7\u0131\u015f planlar\u0131n\u0131 \u00e7oktan yapmaya ba\u015flad\u0131 bile;<\/p>\n<h2>Seasteading (Deniz Arazile\u015ftirmesi)<\/h2>\n<p>Seasteading terimi T\u00fcrk\u00e7e&#8217;ye &#8216;deniz arazile\u015ftirmesi&#8217; olarak \u00e7evrilmi\u015f ancak biz onlara y\u00fczen adalar dersek daha anla\u015f\u0131l\u0131r k\u0131lm\u0131\u015f oluruz.<\/p>\n<p>2017 y\u0131l\u0131nda Blue Frontiers adl\u0131 bir giri\u015fim, The Seasteading Institute ve Frans\u0131z Polinezyas\u0131 aras\u0131nda imzalanan bir anla\u015fma uyar\u0131nca, Blue Frontiers, The Seasteading Institute ile i\u015fbirli\u011fi yaparak, \u00f6zel bir d\u00fczenleyici \u00e7er\u00e7eveye tabi olarak, Frans\u0131z Polinezyas\u0131 sular\u0131nda 300 konutlu s\u00fcrd\u00fcr\u00fclebilir bir y\u00fczen ada in\u015faas\u0131na ba\u015flad\u0131.<\/p>\n<p>Hen\u00fcz okyanus a\u00e7\u0131klar\u0131nda y\u00fczen adalar yapam\u0131yoruz. Atlas Okyanusu&#8217;nun ortas\u0131nda b\u00f6yle bir giri\u015fimde bulunmak dalgalarla bo\u011fu\u015fman\u0131n maliyetini kar\u015f\u0131lamakta zorland\u0131\u011f\u0131m\u0131zdan \u00f6t\u00fcr\u00fc yak\u0131n gelecekte pek m\u00fcmk\u00fcn g\u00f6r\u00fcnm\u00fcyor, ancak anakara yak\u0131nlar\u0131nda y\u00fczen adalar yapmaya ba\u015flamam\u0131z, elbette bir sonraki ad\u0131mda anakaradan da ba\u011f\u0131ms\u0131z ya\u015fam alanlar\u0131 yaratabilece\u011fimize dair \u00f6nemli mesajlar veriyor.<\/p>\n<h2>Suyun Alt\u0131n\u0131 Tercih Edenler<\/h2>\n<p>Sualt\u0131 ya\u015fam\u0131 en bilinen haliyle, sualt\u0131 otelleriyle ba\u015fl\u0131yor. Ancak bunlar genellikle, su seviyesinin birka\u00e7 kat alt\u0131nda yap\u0131lm\u0131\u015f odalardan ibarettir. Ger\u00e7ek anlamda sualt\u0131 ya\u015fam\u0131n\u0131 irdeleyecek olursak ABD&#8217;de bir sivil toplum kurulu\u015fu olan\u00c2\u00a0Deniz Kaynaklar\u0131 Geli\u015ftirme Vakf\u0131&#8217;n\u0131n ba\u015fkan\u0131 ve Denizde Ya\u015fam ve \u00c7al\u0131\u015fma&#8217;n\u0131n (<span id=\"productTitle\" class=\"a-size-large\"><em>Living and Working in the Sea<\/em>)\u00c2\u00a0<\/span>yazar\u0131 olan denizalt\u0131 \u00f6nc\u00fcs\u00fc <strong>Ian Koblick<\/strong> bizim i\u00e7in g\u00fczel bir \u00f6rnek te\u015fkil edebilir. Koblic 1960&#8217;l\u0131 y\u0131llarda sualt\u0131nda 3 aya kadar ya\u015fayarak \u00f6nemli bir ya\u015fam deneyimini bizlere iletti.<\/p>\n<p>Denizler alt\u0131nda uzun y\u0131llar ya\u015famak insan b\u00fcnyesi a\u00e7\u0131s\u0131ndan \u015fimdilik \u00e7ok uygun g\u00f6r\u00fcnmese de, teknolojimiz insan d\u0131\u015f\u0131 fakt\u00f6rleri m\u00fcmk\u00fcn k\u0131lacak seviyeye \u00e7oktan gelmi\u015f g\u00f6r\u00fcn\u00fcyor. N\u00fckleer denizalt\u0131lar hi\u00e7 yak\u0131t ikmali yapmadan 25 y\u0131l boyunca denizlerde dola\u015fmay\u0131 olanakl\u0131 k\u0131l\u0131yor. Bunlardan biri de Fransa &#8211; Brezilya ortak yap\u0131m\u0131 olan ve 2025 y\u0131l\u0131nda Brezilya ordusuna teslim edilmesi planlanan denizalt\u0131d\u0131r.<\/p>\n<h2>Havada Ya\u015famay\u0131 D\u00fc\u015fleyenler<\/h2>\n<p>Bu durum hen\u00fcz pratikte denenmemi\u015f olsa da,\u00c2\u00a0<em>New York 2140<\/em> kitab\u0131nda yazar <em>Kim Stanley Robinson<\/em>, balonlara ba\u011fl\u0131 havada y\u00fczen k\u00fc\u00e7\u00fck, kendi kendini idame ettiren \u00e7ift\u00e7i topluluklar\u0131n\u0131n \u00e2\u20ac\u0153g\u00f6ky\u00fcz\u00fc k\u00f6yleri\u00e2\u20ac\u009d hakk\u0131nda yaz\u0131yor. <em>Robinson<\/em>&#8216;a g\u00f6re, \u00e2\u20ac\u0153Yakla\u015f\u0131k 10.000 metrede sabit y\u00fczen bir k\u00f6y platformunda olmak her zaman harika bir manzara olacakt\u0131r\u00e2\u20ac\u009d.<\/p>\n<h2>Bilim Kurgu, Sonumuzu Distopik G\u00f6r\u00fcyor<\/h2>\n<p>Bilim-Kurgu&#8217;nun babas\u0131 kabul edebilece\u011fimiz Jules Verne&#8217;den beri, denizlerin 20.000 fersah alt\u0131na inebilece\u011fimiz ya da Ay&#8217;a ayak basabilece\u011fimiz \u00f6nce yaz\u0131ld\u0131 sonra ya\u015fand\u0131. Bug\u00fcn de gelece\u011fe dair varsay\u0131mlar yapan diziler ve filmler modern \u00e7a\u011f\u0131n &#8220;Ay&#8217;a Yolculuk&#8217;lar\u0131d\u0131r&#8221; diyebiliriz san\u0131r\u0131m. Son zamanlarda benim de dikkatimi \u00e7eken &#8220;{e06dd042300f4c91300d133459b9ded313b387a094e12f61cf4454933b5696a2}3&#8221; adl\u0131 Portekiz yap\u0131m\u0131 dizi de bunlardan biri. Genel hatlar\u0131yla diziden bahsedecek olursak, kendilerince k\u0131ymetli ve \u00e7ok \u00f6zel {e06dd042300f4c91300d133459b9ded313b387a094e12f61cf4454933b5696a2}3&#8217;l\u00fck bir kesim anakaradan uzak bir adada, y\u00fcksek teknoloji ve enerji sayesinde d\u00fcnya nimetlerinden yararlan\u0131rken anakarada ya\u015fayan {e06dd042300f4c91300d133459b9ded313b387a094e12f61cf4454933b5696a2}97 iklim de\u011fi\u015fikliklerinin de etkisiyle a\u00e7l\u0131k ve sefalet i\u00e7erisinde s\u00fcregitmektedir. Bu distopik gelecek, g\u00f6rmesini bilirsek, \u015fu anda ya\u015fad\u0131\u011f\u0131m\u0131z d\u00fcnyan\u0131n bir izotopudur.<\/p>\n<p>Adalarda D\u00fcnya&#8217;n\u0131n geri kalan\u0131na korku salan teknolojik mini-imparatorluklar ye\u015ferir mi bilemem ancak bunlar\u0131n daha masum ve &#8216;gariban i\u015fi&#8217; olanlar\u0131 imece k\u00f6yleri, kom\u00fcnal k\u00f6yler veya ekolojik k\u00f6yler ad\u0131 alt\u0131nda yap\u0131lmaya ba\u015fland\u0131 bile. &#8216;Modern Zamanlar&#8217;dan bunalan insanlar \u015fehir ya\u015fam\u0131ndan veya kapitalden ka\u00e7mak i\u00e7in da\u011f ba\u015flar\u0131nda geni\u015f arazilere gitmeye ba\u015flad\u0131. \u00d6yle g\u00f6r\u00fcn\u00fcyor ki gariban i\u015fi oldu\u011funda daha masumane olan bu ka\u00e7\u0131\u015f, b\u00fcy\u00fck \u015firketler ve konsorsiyumlar el att\u0131\u011f\u0131nda &#8220;uzay kolonileri&#8221; ya da &#8220;elit adalar&#8221; olarak bize geri d\u00f6necekler.<\/p>\n<h2>Yararland\u0131\u011f\u0131m Kaynaklar<\/h2>\n<ul>\n<li>https:\/\/medium.com\/s\/greatescape\/your-climate-change-survival-plan-69bd85ef12c8<\/li>\n<li>https:\/\/www.blue-frontiers.com\/en\/<\/li>\n<li>https:\/\/www.seasteading.org\/<\/li>\n<li>http:\/\/www.kaptanhaber.com\/brezilya-nukleer-denizalti-gelistiriyor\/8021\/<\/li>\n<\/ul>\n<p>&nbsp;<\/p>\n","protected":false},"excerpt":{"rendered":"<p>Merhaba, uzun bir aradan sonra, tekrardan bir blog yaz\u0131s\u0131yla beraberiz. Ba\u015fl\u0131ktan da anla\u015f\u0131laca\u011f\u0131 gibi yaz\u0131m\u0131z iklim de\u011fi\u015fikli\u011fi \u00fczerine. E\u011fer Ay&#8217;da kurulacak bir koloni i\u00e7in \u00f6n rezervasyonunuz yoksa, bu konu muhtemelen sizi de ilgilendiriyor.<\/p>\n","protected":false},"author":1,"featured_media":765,"comment_status":"open","ping_status":"open","sticky":false,"template":"","format":"standard","meta":[],"categories":[34],"tags":[],"_links":{"self":[{"href":"https:\/\/www.emrecandurmaz.com\/index.php\/wp-json\/wp\/v2\/posts\/759"}],"collection":[{"href":"https:\/\/www.emrecandurmaz.com\/index.php\/wp-json\/wp\/v2\/posts"}],"about":[{"href":"https:\/\/www.emrecandurmaz.com\/index.php\/wp-json\/wp\/v2\/types\/post"}],"author":[{"embeddable":true,"href":"https:\/\/www.emrecandurmaz.com\/index.php\/wp-json\/wp\/v2\/users\/1"}],"replies":[{"embeddable":true,"href":"https:\/\/www.emrecandurmaz.com\/index.php\/wp-json\/wp\/v2\/comments?post=759"}],"version-history":[{"count":11,"href":"https:\/\/www.emrecandurmaz.com\/index.php\/wp-json\/wp\/v2\/posts\/759\/revisions"}],"predecessor-version":[{"id":926,"href":"https:\/\/www.emrecandurmaz.com\/index.php\/wp-json\/wp\/v2\/posts\/759\/revisions\/926"}],"wp:featuredmedia":[{"embeddable":true,"href":"https:\/\/www.emrecandurmaz.com\/index.php\/wp-json\/wp\/v2\/media\/765"}],"wp:attachment":[{"href":"https:\/\/www.emrecandurmaz.com\/index.php\/wp-json\/wp\/v2\/media?parent=759"}],"wp:term":[{"taxonomy":"category","embeddable":true,"href":"https:\/\/www.emrecandurmaz.com\/index.php\/wp-json\/wp\/v2\/categories?post=759"},{"taxonomy":"post_tag","embeddable":true,"href":"https:\/\/www.emrecandurmaz.com\/index.php\/wp-json\/wp\/v2\/tags?post=759"}],"curies":[{"name":"wp","href":"https:\/\/api.w.org\/{rel}","templated":true}]}}